{"id":8723,"date":"2023-03-02T10:17:04","date_gmt":"2023-03-02T13:47:04","guid":{"rendered":"https:\/\/csfp.nl.ca\/sainte-anne\/communications\/2021\/12\/20\/dernier-jour-de-classe-avant-les-fetes\/"},"modified":"2023-03-02T10:17:04","modified_gmt":"2023-03-02T13:47:04","slug":"dernier-jour-de-classe-avant-les-fetes","status":"publish","type":"post","link":"https:\/\/csfp.nl.ca\/sainte-anne\/communications\/2023\/03\/02\/dernier-jour-de-classe-avant-les-fetes\/","title":{"rendered":"Dernier jour de classe avant les f\u00eates"},"content":{"rendered":"<p>ENGLISH FOLLOWS<\/p>\n<p class=\"p2\">Conform\u00e9ment \u00e0 l&rsquo;annonce du Gouvernement faite aujourd\u2019hui sur la situation sanitaire, veuillez noter que le lundi 20 d\u00e9cembre, sera le dernier jour d\u2019\u00e9cole de l\u2019ann\u00e9e 2021 pour les \u00e9l\u00e8ves. Cette mesure s\u2019applique \u00e0 tous les niveaux d\u2019enseignement de la maternelle \u00e0 la 12e ann\u00e9e.<\/p>\n<p class=\"p2\">Les enseignants profiteront de la journ\u00e9e pour finaliser leur programme et s\u2019assurer que les \u00e9l\u00e8ves repartent en fin de journ\u00e9e avec tout le mat\u00e9riel n\u00e9cessaire en cas d\u2019\u00e9cole virtuelle (tels que les Chromebooks). L\u2019\u00e9cole reprendra le 4 janvier, que cela soit en pr\u00e9sentiel ou en virtuel, en fonction des d\u00e9cisions du gouvernement.<\/p>\n<p class=\"p2\">Par cons\u00e9quent, les mardi 21 et mercredi 22 d\u00e9cembre, l\u2019\u00e9cole sera ferm\u00e9e aux \u00e9tudiants. Seule exception: les \u00e9l\u00e8ves ayant un rendez-vous de vaccination dans un des \u00e9tablissements sont invit\u00e9s \u00e0 s\u2019y rendre comme pr\u00e9vu pour recevoir l\u2019injection. Le personnel, quant \u00e0 lui, sera pr\u00e9sent pour se pr\u00e9parer au sc\u00e9nario d\u2019un retour \u00e0 l\u2019\u00e9cole virtuelle.<\/p>\n<p class=\"p2\">Nous vous remercions par avance pour votre coop\u00e9ration et profitons de l\u2019occasion pour vous souhaiter de passer de belles f\u00eates de fin d\u2019ann\u00e9e.<\/p>\n<hr \/>\n<p class=\"p2\"><span lang=\"EN-US\">In accordance with the Government&rsquo;s announcement today on the health situation, please note that Monday, December 20, will be the last day of class for the year 2021, for students. <\/span>This measure applies to all levels of education from K-12.<\/p>\n<p class=\"p2\">Teachers will use the day to finalize their curriculum and ensure that students leave at the end of the day with all the necessary equipment (such as Chromebooks) in the event that we are required to transfer to virtual learning (such as Chromebooks). School will resume on January 4, either face-to-face or virtual, depending on government decisions.<\/p>\n<p class=\"p2\">Therefore, on Tuesday, December 21 and Wednesday, December 22, school will be closed to students. The only exception is that students with immunization appointment at one of the facilities are encouraged to attend as scheduled to receive their injection. The staff, on the other hand, will have to report to work to prepare for the scenario of a return to virtual school.<\/p>\n<p class=\"p2\">We thank you in advance for your cooperation and would like to take this opportunity to wish you a wonderful holiday season.<\/p>\n<p class=\"p2\">\n","protected":false},"excerpt":{"rendered":"<p>ENGLISH FOLLOWS Conform\u00e9ment \u00e0 l&rsquo;annonce du Gouvernement faite aujourd\u2019hui sur la situation sanitaire, veuillez noter que le lundi 20 d\u00e9cembre, sera le dernier jour d\u2019\u00e9cole de l\u2019ann\u00e9e 2021 pour les \u00e9l\u00e8ves. Cette mesure s\u2019applique \u00e0 tous les niveaux d\u2019enseignement de la maternelle \u00e0 la 12e ann\u00e9e. Les enseignants profiteront de la journ\u00e9e pour finaliser leur [&hellip;]<\/p>\n","protected":false},"author":20,"featured_media":0,"comment_status":"closed","ping_status":"open","sticky":false,"template":"","format":"standard","meta":{"_acf_changed":false,"footnotes":""},"categories":[59,65],"tags":[],"class_list":["post-8723","post","type-post","status-publish","format-standard","hentry","category-covid-19","category-nos-ecoles"],"acf":[],"_links":{"self":[{"href":"https:\/\/csfp.nl.ca\/sainte-anne\/wp-json\/wp\/v2\/posts\/8723","targetHints":{"allow":["GET"]}}],"collection":[{"href":"https:\/\/csfp.nl.ca\/sainte-anne\/wp-json\/wp\/v2\/posts"}],"about":[{"href":"https:\/\/csfp.nl.ca\/sainte-anne\/wp-json\/wp\/v2\/types\/post"}],"author":[{"embeddable":true,"href":"https:\/\/csfp.nl.ca\/sainte-anne\/wp-json\/wp\/v2\/users\/20"}],"replies":[{"embeddable":true,"href":"https:\/\/csfp.nl.ca\/sainte-anne\/wp-json\/wp\/v2\/comments?post=8723"}],"version-history":[{"count":1,"href":"https:\/\/csfp.nl.ca\/sainte-anne\/wp-json\/wp\/v2\/posts\/8723\/revisions"}],"predecessor-version":[{"id":8857,"href":"https:\/\/csfp.nl.ca\/sainte-anne\/wp-json\/wp\/v2\/posts\/8723\/revisions\/8857"}],"wp:attachment":[{"href":"https:\/\/csfp.nl.ca\/sainte-anne\/wp-json\/wp\/v2\/media?parent=8723"}],"wp:term":[{"taxonomy":"category","embeddable":true,"href":"https:\/\/csfp.nl.ca\/sainte-anne\/wp-json\/wp\/v2\/categories?post=8723"},{"taxonomy":"post_tag","embeddable":true,"href":"https:\/\/csfp.nl.ca\/sainte-anne\/wp-json\/wp\/v2\/tags?post=8723"}],"curies":[{"name":"wp","href":"https:\/\/api.w.org\/{rel}","templated":true}]}}