{"id":8683,"date":"2023-03-02T10:21:07","date_gmt":"2023-03-02T13:51:07","guid":{"rendered":"https:\/\/csfp.nl.ca\/sainte-anne\/communications\/2021\/10\/27\/le-csfp-maintenu-dans-sa-mission\/"},"modified":"2023-03-02T10:21:07","modified_gmt":"2023-03-02T13:51:07","slug":"le-csfp-maintenu-dans-sa-mission","status":"publish","type":"post","link":"https:\/\/csfp.nl.ca\/sainte-anne\/communications\/2023\/03\/02\/le-csfp-maintenu-dans-sa-mission\/","title":{"rendered":"Le CSFP maintenu dans sa mission"},"content":{"rendered":"<p>C&rsquo;est une tr\u00e8s bonne nouvelle pour la communaut\u00e9 francophone de Terre-Neuve-et-Labrador: le ministre de l&rsquo;\u00e9ducation Tom Osborne a confirm\u00e9 que la gestion de L&rsquo;\u00e9ducation en fran\u00e7ais langue premi\u00e8re restera dans ses mains.<\/p>\n<p>Plus de d\u00e9tails dans le <a href=\"https:\/\/csfp.nl.ca\/wp-content\/uploads\/2021\/10\/COMM.-CSFP-poursuivra-sa-mission-_PRESS-REL-CSFP-will-proceed.pdf\">communiqu\u00e9<\/a>.<\/p>\n","protected":false},"excerpt":{"rendered":"<p>C&rsquo;est une tr\u00e8s bonne nouvelle pour la communaut\u00e9 francophone de Terre-Neuve-et-Labrador: le ministre de l&rsquo;\u00e9ducation Tom Osborne a confirm\u00e9 que la gestion de L&rsquo;\u00e9ducation en fran\u00e7ais langue premi\u00e8re restera dans ses mains. Plus de d\u00e9tails dans le communiqu\u00e9.<\/p>\n","protected":false},"author":20,"featured_media":0,"comment_status":"closed","ping_status":"open","sticky":false,"template":"","format":"standard","meta":{"_acf_changed":false,"footnotes":""},"categories":[67,64],"tags":[],"class_list":["post-8683","post","type-post","status-publish","format-standard","hentry","category-francophonie","category-le-siege"],"acf":[],"_links":{"self":[{"href":"https:\/\/csfp.nl.ca\/sainte-anne\/wp-json\/wp\/v2\/posts\/8683","targetHints":{"allow":["GET"]}}],"collection":[{"href":"https:\/\/csfp.nl.ca\/sainte-anne\/wp-json\/wp\/v2\/posts"}],"about":[{"href":"https:\/\/csfp.nl.ca\/sainte-anne\/wp-json\/wp\/v2\/types\/post"}],"author":[{"embeddable":true,"href":"https:\/\/csfp.nl.ca\/sainte-anne\/wp-json\/wp\/v2\/users\/20"}],"replies":[{"embeddable":true,"href":"https:\/\/csfp.nl.ca\/sainte-anne\/wp-json\/wp\/v2\/comments?post=8683"}],"version-history":[{"count":1,"href":"https:\/\/csfp.nl.ca\/sainte-anne\/wp-json\/wp\/v2\/posts\/8683\/revisions"}],"predecessor-version":[{"id":8865,"href":"https:\/\/csfp.nl.ca\/sainte-anne\/wp-json\/wp\/v2\/posts\/8683\/revisions\/8865"}],"wp:attachment":[{"href":"https:\/\/csfp.nl.ca\/sainte-anne\/wp-json\/wp\/v2\/media?parent=8683"}],"wp:term":[{"taxonomy":"category","embeddable":true,"href":"https:\/\/csfp.nl.ca\/sainte-anne\/wp-json\/wp\/v2\/categories?post=8683"},{"taxonomy":"post_tag","embeddable":true,"href":"https:\/\/csfp.nl.ca\/sainte-anne\/wp-json\/wp\/v2\/tags?post=8683"}],"curies":[{"name":"wp","href":"https:\/\/api.w.org\/{rel}","templated":true}]}}