{"id":8660,"date":"2023-03-02T10:24:26","date_gmt":"2023-03-02T13:54:26","guid":{"rendered":"https:\/\/csfp.nl.ca\/sainte-anne\/communications\/2021\/09\/15\/covid-19-quelles-mesures-selon-que-le-risque-soit-faible-ou-eleve\/"},"modified":"2023-03-02T10:24:26","modified_gmt":"2023-03-02T13:54:26","slug":"covid-19-quelles-mesures-selon-que-le-risque-soit-faible-ou-eleve","status":"publish","type":"post","link":"https:\/\/csfp.nl.ca\/sainte-anne\/communications\/2023\/03\/02\/covid-19-quelles-mesures-selon-que-le-risque-soit-faible-ou-eleve\/","title":{"rendered":"Covid-19: quelles mesures selon que le risque soit faible ou \u00e9lev\u00e9 ?"},"content":{"rendered":"<p>La sant\u00e9 publique a \u00e9dict\u00e9 des protocoles \u00e0 suivre dans les \u00e9coles en fonction du niveau de risque de transmission de la Covid-19 en vigueur. Le document en question, d&rsquo;une page, permet de conna\u00eetre l&rsquo;attitude \u00e0 tenir dans diff\u00e9rentes situations tels que le transport scolaire, le port du masque, ou les rassemblements, selon que le niveau d&rsquo;alerte soit faible ou \u00e9lev\u00e9.<\/p>\n<p>Plus de d\u00e9tails, <a href=\"https:\/\/csfp.nl.ca\/wp-content\/uploads\/2021\/09\/School-Plan-2021-one-pager-french.pdf\">ici.<\/a><\/p>\n","protected":false},"excerpt":{"rendered":"<p>La sant\u00e9 publique a \u00e9dict\u00e9 des protocoles \u00e0 suivre dans les \u00e9coles en fonction du niveau de risque de transmission de la Covid-19 en vigueur. Le document en question, d&rsquo;une page, permet de conna\u00eetre l&rsquo;attitude \u00e0 tenir dans diff\u00e9rentes situations tels que le transport scolaire, le port du masque, ou les rassemblements, selon que le [&hellip;]<\/p>\n","protected":false},"author":20,"featured_media":8874,"comment_status":"closed","ping_status":"open","sticky":false,"template":"","format":"standard","meta":{"_acf_changed":false,"footnotes":""},"categories":[59],"tags":[],"class_list":["post-8660","post","type-post","status-publish","format-standard","has-post-thumbnail","hentry","category-covid-19"],"acf":[],"_links":{"self":[{"href":"https:\/\/csfp.nl.ca\/sainte-anne\/wp-json\/wp\/v2\/posts\/8660","targetHints":{"allow":["GET"]}}],"collection":[{"href":"https:\/\/csfp.nl.ca\/sainte-anne\/wp-json\/wp\/v2\/posts"}],"about":[{"href":"https:\/\/csfp.nl.ca\/sainte-anne\/wp-json\/wp\/v2\/types\/post"}],"author":[{"embeddable":true,"href":"https:\/\/csfp.nl.ca\/sainte-anne\/wp-json\/wp\/v2\/users\/20"}],"replies":[{"embeddable":true,"href":"https:\/\/csfp.nl.ca\/sainte-anne\/wp-json\/wp\/v2\/comments?post=8660"}],"version-history":[{"count":1,"href":"https:\/\/csfp.nl.ca\/sainte-anne\/wp-json\/wp\/v2\/posts\/8660\/revisions"}],"predecessor-version":[{"id":8873,"href":"https:\/\/csfp.nl.ca\/sainte-anne\/wp-json\/wp\/v2\/posts\/8660\/revisions\/8873"}],"wp:featuredmedia":[{"embeddable":true,"href":"https:\/\/csfp.nl.ca\/sainte-anne\/wp-json\/wp\/v2\/media\/8874"}],"wp:attachment":[{"href":"https:\/\/csfp.nl.ca\/sainte-anne\/wp-json\/wp\/v2\/media?parent=8660"}],"wp:term":[{"taxonomy":"category","embeddable":true,"href":"https:\/\/csfp.nl.ca\/sainte-anne\/wp-json\/wp\/v2\/categories?post=8660"},{"taxonomy":"post_tag","embeddable":true,"href":"https:\/\/csfp.nl.ca\/sainte-anne\/wp-json\/wp\/v2\/tags?post=8660"}],"curies":[{"name":"wp","href":"https:\/\/api.w.org\/{rel}","templated":true}]}}