{"id":8805,"date":"2023-03-01T16:16:00","date_gmt":"2023-03-01T19:46:00","guid":{"rendered":"https:\/\/csfp.nl.ca\/rdn\/communications\/2022\/08\/30\/mise-a-jour-sur-la-date-de-rentree-2022-a-lecole-rocher-du-nord\/"},"modified":"2023-03-01T16:16:00","modified_gmt":"2023-03-01T19:46:00","slug":"mise-a-jour-sur-la-date-de-rentree-2022-a-lecole-rocher-du-nord","status":"publish","type":"post","link":"https:\/\/csfp.nl.ca\/rdn\/communications\/2023\/03\/01\/mise-a-jour-sur-la-date-de-rentree-2022-a-lecole-rocher-du-nord\/","title":{"rendered":"Mise \u00e0 jour sur la date de rentr\u00e9e 2022 \u00e0 l\u2019\u00e9cole Rocher-du-Nord"},"content":{"rendered":"<p>ENGLISH FOLLOWS<\/p>\n<p>Avec la fin proche du mois d\u2019ao\u00fbt, la question taraude sans aucun doute parents et enseignants \u00e0\u00a0l\u2019\u00e9cole Rocher-du Nord: quand la rentr\u00e9e 2022 aura-t-elle lieu?<\/p>\n<p>L\u2019\u00e9cole b\u00e9n\u00e9ficie d\u2019un programme de r\u00e9novation complet mais le chantier accuse du retard. Pour ne\u00a0pas interrompre les travaux et pour leur propre s\u00e9curit\u00e9, les enseignants n\u2019ont pas acc\u00e8s \u00e0 l\u2019\u00e9cole\u00a0avant le 6 septembre.<\/p>\n<p>En temps normal, ils n\u2019ont besoin que d\u2019une journ\u00e9e de pr\u00e9paration avant l\u2019arriv\u00e9e des \u00e9l\u00e8ves. Mais\u00a0avec ce grand d\u00e9m\u00e9nagement, ils auront besoin d\u2019une semaine pour organiser leurs classes. Par\u00a0cons\u00e9quent, la rentr\u00e9e des \u00e9l\u00e8ves est repouss\u00e9e au 12 septembre.<\/p>\n<p>\u00c0 partir de cette date, tous les meubles, les livres et les ressources p\u00e9dagogiques pr\u00e9sentement\u00a0stock\u00e9s devront \u00eatre d\u00e9m\u00e9nag\u00e9s du gymnase, o\u00f9 ils sont entrepos\u00e9s, aux diff\u00e9rentes classes.<\/p>\n<p>Nous nous excusons des probl\u00e8mes que ceci pourrait engendrer mais nous voulons \u00eatre s\u00fbrs que la\u00a0rentr\u00e9e se passe au mieux, en donnant le temps aux enseignants de se pr\u00e9parer, dans un\u00a0environnement neuf, \u00e9panouissant et pr\u00eat \u00e0 recevoir les \u00e9l\u00e8ves en toute s\u00e9curit\u00e9.\u00a0C\u2019est pourquoi nous demandons aux parents de bien vouloir faire preuve de patience et de garder\u00a0en t\u00eate l\u2019objectif final qui reste d\u2019offrir \u00e0 notre jeunesse les meilleures conditions d\u2019une \u00e9ducation en\u00a0fran\u00e7ais.<\/p>\n<p>Le CSFP vous tiendra inform\u00e9s des mises \u00e0 jour sur l\u2019\u00e9tat d\u2019avancement des travaux de r\u00e9novation<\/p>\n<p>de Rocher-du-Nord.<\/p>\n<p>Voir le <a href=\"http:\/\/Avec la fin proche du mois d\u2019ao\u00fbt, la question taraude sans aucun doute parents et enseignants \u00e0 l\u2019\u00e9cole Rocher-du-Nord: quand la rentr\u00e9e 2022 aura-t-elle lieu? L\u2019\u00e9cole b\u00e9n\u00e9ficie d\u2019un programme de r\u00e9novation complet mais le chantier accuse du retard. Pour ne pas interrompre les travaux et pour leur propre s\u00e9curit\u00e9, les enseignants n\u2019ont pas acc\u00e8s \u00e0 l\u2019\u00e9cole avant le 6 septembre. En temps normal, ils n\u2019ont besoin que d\u2019une journ\u00e9e de pr\u00e9paration avant l\u2019arriv\u00e9e des \u00e9l\u00e8ves. Mais avec ce grand d\u00e9m\u00e9nagement, ils auront besoin d\u2019une semaine pour organiser leurs classes. Par cons\u00e9quent, la rentr\u00e9e des \u00e9l\u00e8ves est repouss\u00e9e au 12 septembre \u00c0 partir de cette date, tous les meubles, les livres et les ressources p\u00e9dagogiques pr\u00e9sentement stock\u00e9s devront \u00eatre d\u00e9m\u00e9nag\u00e9s du gymnase, o\u00f9 ils sont entrepos\u00e9s, aux diff\u00e9rentes classes. Nous nous excusons des probl\u00e8mes que ceci pourrait engendrer mais nous voulons \u00eatre s\u00fbrs que la rentr\u00e9e se passe au mieux, en donnant le temps aux enseignants de se pr\u00e9parer, dans un environnement neuf, \u00e9panouissant et pr\u00eat \u00e0 recevoir les \u00e9l\u00e8ves en toute s\u00e9curit\u00e9. C\u2019est pourquoi nous demandons aux parents de bien vouloir faire preuve de patience et de garder en t\u00eate l\u2019objectif final qui reste d\u2019offrir \u00e0 notre jeunesse les meilleures conditions d\u2019une \u00e9ducation en fran\u00e7ais. Le CSFP vous tiendra inform\u00e9s des mises \u00e0 jour sur l\u2019\u00e9tat d\u2019avancement des travaux de r\u00e9novation de Rocher-du-Nord.\">pdf du communiqu\u00e9\u00a0<\/a><\/p>\n<p style=\"text-align: center;\">_________________<\/p>\n<p style=\"text-align: center;\"><strong>Update on the 2022 start date at Rocher-du-Nord School<\/strong><\/p>\n<p>With the end of August fast approaching, parents and teachers at \u00c9cole Rocher du Nord are\u00a0undoubtedly wondering when the school year 2022 will begin.<\/p>\n<p>The school is undergoing a complete renovation program, but the work is behind schedule. In order\u00a0not to interrupt the work and for their own safety, teachers may not enter the school until\u00a0September 6.<\/p>\n<p>Normally, it would only take a day to prepare before the students arrive. But with this big move, they\u00a0will need a week to organize their classes. As a result, the start of the school year has been pushed\u00a0back to September 12.<\/p>\n<p>As of that date, all furniture, books and teaching resources currently in storage will have to be\u00a0moved from the gym, where they are stored, to the various classrooms.<\/p>\n<p>We apologize for any inconvenience this may cause, but we want to make sure that the start of the\u00a0school year is as smooth as possible, giving teachers time to prepare, in a new, nurturing and safe\u00a0environment for the students.\u00a0That is why we are asking parents to be patient and to keep in mind the ultimate goal which is to\u00a0provide our youth with the best conditions for an education in French.<\/p>\n<p>The CSFP will continue to update the public on the work in progress at Rocher du Nord.<\/p>\n<p>View <a href=\"https:\/\/csfp.nl.ca\/wp-content\/uploads\/2022\/08\/Comm.-MaJ-date-rentree-2022-RdN-PRESS-REL.-Start-date-2022-RdN.docx-1.pdf\">press release in pd<\/a><\/p>\n","protected":false},"excerpt":{"rendered":"<p>ENGLISH FOLLOWS Avec la fin proche du mois d\u2019ao\u00fbt, la question taraude sans aucun doute parents et enseignants \u00e0\u00a0l\u2019\u00e9cole Rocher-du Nord: quand la rentr\u00e9e 2022 aura-t-elle lieu? L\u2019\u00e9cole b\u00e9n\u00e9ficie d\u2019un programme de r\u00e9novation complet mais le chantier accuse du retard. Pour ne\u00a0pas interrompre les travaux et pour leur propre s\u00e9curit\u00e9, les enseignants n\u2019ont pas acc\u00e8s [&hellip;]<\/p>\n","protected":false},"author":20,"featured_media":8979,"comment_status":"closed","ping_status":"open","sticky":false,"template":"","format":"standard","meta":{"_acf_changed":false,"footnotes":""},"categories":[64],"tags":[],"class_list":["post-8805","post","type-post","status-publish","format-standard","has-post-thumbnail","hentry","category-nos-ecoles"],"acf":[],"_links":{"self":[{"href":"https:\/\/csfp.nl.ca\/rdn\/wp-json\/wp\/v2\/posts\/8805","targetHints":{"allow":["GET"]}}],"collection":[{"href":"https:\/\/csfp.nl.ca\/rdn\/wp-json\/wp\/v2\/posts"}],"about":[{"href":"https:\/\/csfp.nl.ca\/rdn\/wp-json\/wp\/v2\/types\/post"}],"author":[{"embeddable":true,"href":"https:\/\/csfp.nl.ca\/rdn\/wp-json\/wp\/v2\/users\/20"}],"replies":[{"embeddable":true,"href":"https:\/\/csfp.nl.ca\/rdn\/wp-json\/wp\/v2\/comments?post=8805"}],"version-history":[{"count":5,"href":"https:\/\/csfp.nl.ca\/rdn\/wp-json\/wp\/v2\/posts\/8805\/revisions"}],"predecessor-version":[{"id":8978,"href":"https:\/\/csfp.nl.ca\/rdn\/wp-json\/wp\/v2\/posts\/8805\/revisions\/8978"}],"wp:featuredmedia":[{"embeddable":true,"href":"https:\/\/csfp.nl.ca\/rdn\/wp-json\/wp\/v2\/media\/8979"}],"wp:attachment":[{"href":"https:\/\/csfp.nl.ca\/rdn\/wp-json\/wp\/v2\/media?parent=8805"}],"wp:term":[{"taxonomy":"category","embeddable":true,"href":"https:\/\/csfp.nl.ca\/rdn\/wp-json\/wp\/v2\/categories?post=8805"},{"taxonomy":"post_tag","embeddable":true,"href":"https:\/\/csfp.nl.ca\/rdn\/wp-json\/wp\/v2\/tags?post=8805"}],"curies":[{"name":"wp","href":"https:\/\/api.w.org\/{rel}","templated":true}]}}