{"id":8603,"date":"2023-03-02T10:26:43","date_gmt":"2023-03-02T13:56:43","guid":{"rendered":"https:\/\/csfp.nl.ca\/rdn\/communications\/2021\/06\/24\/lettre-de-fin-dannee-de-la-dge-2021\/"},"modified":"2023-03-02T10:26:43","modified_gmt":"2023-03-02T13:56:43","slug":"lettre-de-fin-dannee-de-la-dge-2021","status":"publish","type":"post","link":"https:\/\/csfp.nl.ca\/rdn\/communications\/2023\/03\/02\/lettre-de-fin-dannee-de-la-dge-2021\/","title":{"rendered":"Lettre de fin d\u2019ann\u00e9e de la DG\u00c9 \u2013 2021"},"content":{"rendered":"<p>Ca y est, l&rsquo;\u00e9cole est finie!<\/p>\n<p>Des vacances bien m\u00e9rit\u00e9es tant pour les \u00e9l\u00e8ves que pour les employ\u00e9s, sans oublier&#8230;les parents!<\/p>\n<p>La Directrice g\u00e9n\u00e9rale de l&rsquo;\u00e9ducation, Kim Christianson, \u00e0 souhait\u00e9 adresser ses voeux de fin d&rsquo;ann\u00e9e \u00e0 tous, avant les retrouvailles \u00e0 la rentr\u00e9e.<\/p>\n<p><a href=\"https:\/\/csfp.nl.ca\/wp-content\/uploads\/2021\/06\/COMMUNIQUE\u0301_Mot-de-la-DGE\u0301_fin-danne\u0301e-2020-21_24-juin-2021-4.pdf\">COMMUNIQUE\u0301_Mot de la DGE\u0301_fin d&rsquo;anne\u0301e 2020-21_24 juin 2021 (4)<\/a><\/p>\n<p>&nbsp;<\/p>\n","protected":false},"excerpt":{"rendered":"<p>Ca y est, l&rsquo;\u00e9cole est finie! Des vacances bien m\u00e9rit\u00e9es tant pour les \u00e9l\u00e8ves que pour les employ\u00e9s, sans oublier&#8230;les parents! La Directrice g\u00e9n\u00e9rale de l&rsquo;\u00e9ducation, Kim Christianson, \u00e0 souhait\u00e9 adresser ses voeux de fin d&rsquo;ann\u00e9e \u00e0 tous, avant les retrouvailles \u00e0 la rentr\u00e9e. COMMUNIQUE\u0301_Mot de la DGE\u0301_fin d&rsquo;anne\u0301e 2020-21_24 juin 2021 (4) &nbsp;<\/p>\n","protected":false},"author":20,"featured_media":9012,"comment_status":"closed","ping_status":"open","sticky":false,"template":"","format":"standard","meta":{"_acf_changed":false,"footnotes":""},"categories":[65],"tags":[],"class_list":["post-8603","post","type-post","status-publish","format-standard","has-post-thumbnail","hentry","category-le-siege"],"acf":[],"_links":{"self":[{"href":"https:\/\/csfp.nl.ca\/rdn\/wp-json\/wp\/v2\/posts\/8603","targetHints":{"allow":["GET"]}}],"collection":[{"href":"https:\/\/csfp.nl.ca\/rdn\/wp-json\/wp\/v2\/posts"}],"about":[{"href":"https:\/\/csfp.nl.ca\/rdn\/wp-json\/wp\/v2\/types\/post"}],"author":[{"embeddable":true,"href":"https:\/\/csfp.nl.ca\/rdn\/wp-json\/wp\/v2\/users\/20"}],"replies":[{"embeddable":true,"href":"https:\/\/csfp.nl.ca\/rdn\/wp-json\/wp\/v2\/comments?post=8603"}],"version-history":[{"count":1,"href":"https:\/\/csfp.nl.ca\/rdn\/wp-json\/wp\/v2\/posts\/8603\/revisions"}],"predecessor-version":[{"id":9011,"href":"https:\/\/csfp.nl.ca\/rdn\/wp-json\/wp\/v2\/posts\/8603\/revisions\/9011"}],"wp:featuredmedia":[{"embeddable":true,"href":"https:\/\/csfp.nl.ca\/rdn\/wp-json\/wp\/v2\/media\/9012"}],"wp:attachment":[{"href":"https:\/\/csfp.nl.ca\/rdn\/wp-json\/wp\/v2\/media?parent=8603"}],"wp:term":[{"taxonomy":"category","embeddable":true,"href":"https:\/\/csfp.nl.ca\/rdn\/wp-json\/wp\/v2\/categories?post=8603"},{"taxonomy":"post_tag","embeddable":true,"href":"https:\/\/csfp.nl.ca\/rdn\/wp-json\/wp\/v2\/tags?post=8603"}],"curies":[{"name":"wp","href":"https:\/\/api.w.org\/{rel}","templated":true}]}}