{"id":8782,"date":"2023-03-02T10:18:47","date_gmt":"2023-03-02T13:48:47","guid":{"rendered":"https:\/\/csfp.nl.ca\/notre-dame\/communications\/2021\/11\/17\/lecole-notre-dame-du-cap-sur-les-ondes-de-la-mouvee\/"},"modified":"2023-03-02T10:18:47","modified_gmt":"2023-03-02T13:48:47","slug":"lecole-notre-dame-du-cap-sur-les-ondes-de-la-mouvee","status":"publish","type":"post","link":"https:\/\/csfp.nl.ca\/notre-dame\/communications\/2023\/03\/02\/lecole-notre-dame-du-cap-sur-les-ondes-de-la-mouvee\/","title":{"rendered":"L\u2019\u00e9cole Notre-Dame du Cap sur les ondes de la Mouv\u00e9e"},"content":{"rendered":"<p>Josette Bourque, directrice de l&rsquo;\u00c9cole Notre-Dame du Cap, sur la c\u00f4te Ouest de Terre-Neuve, \u00e9tait l&rsquo;invit\u00e9e hier de l&rsquo;\u00e9mission la Mouv\u00e9e, sur Radio Canada. Dans le segment consacr\u00e9 aux \u00ab\u00a0bons coups dans nos \u00e9coles\u00a0\u00bb, Mme Bourque a pr\u00e9sent\u00e9 le projet de jardin hydroponique que les \u00e9l\u00e8ves seront charg\u00e9s d&rsquo;entretenir. L&rsquo;id\u00e9e d&rsquo;un tel jardin est venu du constat que le prix des fruits et l\u00e9gumes avait augment\u00e9. Pour entendre l&rsquo;int\u00e9gralit\u00e9 de l&rsquo;entrevue, cliquez <a href=\"https:\/\/ici.radio-canada.ca\/ohdio\/premiere\/emissions\/la-mouvee\/episodes\/584957\/rattrapage-du-mardi-16-novembre-2021\/5\" target=\"_blank\" rel=\"noopener\">ici<\/a>.<\/p>\n<p>&nbsp;<\/p>\n<p>&nbsp;<\/p>\n","protected":false},"excerpt":{"rendered":"<p>Josette Bourque, directrice de l&rsquo;\u00c9cole Notre-Dame du Cap, sur la c\u00f4te Ouest de Terre-Neuve, \u00e9tait l&rsquo;invit\u00e9e hier de l&rsquo;\u00e9mission la Mouv\u00e9e, sur Radio Canada. Dans le segment consacr\u00e9 aux \u00ab\u00a0bons coups dans nos \u00e9coles\u00a0\u00bb, Mme Bourque a pr\u00e9sent\u00e9 le projet de jardin hydroponique que les \u00e9l\u00e8ves seront charg\u00e9s d&rsquo;entretenir. L&rsquo;id\u00e9e d&rsquo;un tel jardin est venu [&hellip;]<\/p>\n","protected":false},"author":20,"featured_media":8901,"comment_status":"closed","ping_status":"open","sticky":false,"template":"","format":"standard","meta":{"_acf_changed":false,"footnotes":""},"categories":[65],"tags":[],"class_list":["post-8782","post","type-post","status-publish","format-standard","has-post-thumbnail","hentry","category-nos-ecoles"],"acf":[],"_links":{"self":[{"href":"https:\/\/csfp.nl.ca\/notre-dame\/wp-json\/wp\/v2\/posts\/8782","targetHints":{"allow":["GET"]}}],"collection":[{"href":"https:\/\/csfp.nl.ca\/notre-dame\/wp-json\/wp\/v2\/posts"}],"about":[{"href":"https:\/\/csfp.nl.ca\/notre-dame\/wp-json\/wp\/v2\/types\/post"}],"author":[{"embeddable":true,"href":"https:\/\/csfp.nl.ca\/notre-dame\/wp-json\/wp\/v2\/users\/20"}],"replies":[{"embeddable":true,"href":"https:\/\/csfp.nl.ca\/notre-dame\/wp-json\/wp\/v2\/comments?post=8782"}],"version-history":[{"count":1,"href":"https:\/\/csfp.nl.ca\/notre-dame\/wp-json\/wp\/v2\/posts\/8782\/revisions"}],"predecessor-version":[{"id":8900,"href":"https:\/\/csfp.nl.ca\/notre-dame\/wp-json\/wp\/v2\/posts\/8782\/revisions\/8900"}],"wp:featuredmedia":[{"embeddable":true,"href":"https:\/\/csfp.nl.ca\/notre-dame\/wp-json\/wp\/v2\/media\/8901"}],"wp:attachment":[{"href":"https:\/\/csfp.nl.ca\/notre-dame\/wp-json\/wp\/v2\/media?parent=8782"}],"wp:term":[{"taxonomy":"category","embeddable":true,"href":"https:\/\/csfp.nl.ca\/notre-dame\/wp-json\/wp\/v2\/categories?post=8782"},{"taxonomy":"post_tag","embeddable":true,"href":"https:\/\/csfp.nl.ca\/notre-dame\/wp-json\/wp\/v2\/tags?post=8782"}],"curies":[{"name":"wp","href":"https:\/\/api.w.org\/{rel}","templated":true}]}}