{"id":9525,"date":"2025-09-16T11:41:26","date_gmt":"2025-09-16T14:11:26","guid":{"rendered":"https:\/\/csfp.nl.ca\/grands-vents\/?p=9525"},"modified":"2025-09-16T11:41:26","modified_gmt":"2025-09-16T14:11:26","slug":"ecole-fermee-le-30-septembre","status":"publish","type":"post","link":"https:\/\/csfp.nl.ca\/grands-vents\/communications\/2025\/09\/16\/ecole-fermee-le-30-septembre\/","title":{"rendered":"\u00c9cole ferm\u00e9e le 30 septembre"},"content":{"rendered":"<p data-start=\"80\" data-end=\"446\">Le lundi 30 septembre, l\u2019\u00e9cole sera ferm\u00e9e afin de souligner la Journ\u00e9e nationale de la v\u00e9rit\u00e9 et de la r\u00e9conciliation.<br data-start=\"199\" data-end=\"202\" \/>Cette journ\u00e9e est l\u2019occasion de r\u00e9fl\u00e9chir \u00e0 l\u2019histoire des pensionnats autochtones, d\u2019honorer les survivants ainsi que les enfants disparus, et de reconna\u00eetre l\u2019importance de la r\u00e9conciliation entre les peuples autochtones et non autochtones.<\/p>\n<p data-start=\"448\" data-end=\"688\">Pour marquer cette journ\u00e9e en communaut\u00e9 scolaire, nous tiendrons une assembl\u00e9e le vendredi 29 septembre. Les \u00e9l\u00e8ves sont invit\u00e9s \u00e0 porter leur chandail orange afin de d\u00e9montrer leur solidarit\u00e9 et leur engagement envers la r\u00e9conciliation.<\/p>\n<p data-start=\"690\" data-end=\"766\">L\u2019\u00e9cole rouvrira ses portes le mardi 1er octobre selon l\u2019horaire habituel.<\/p>\n","protected":false},"excerpt":{"rendered":"<p>Le lundi 30 septembre, l\u2019\u00e9cole sera ferm\u00e9e afin de souligner la Journ\u00e9e nationale de la v\u00e9rit\u00e9 et de la r\u00e9conciliation.Cette journ\u00e9e est l\u2019occasion de r\u00e9fl\u00e9chir \u00e0 l\u2019histoire des pensionnats autochtones, d\u2019honorer les survivants ainsi que les enfants disparus, et de reconna\u00eetre l\u2019importance de la r\u00e9conciliation entre les peuples autochtones et non autochtones. Pour marquer cette [&hellip;]<\/p>\n","protected":false},"author":135,"featured_media":0,"comment_status":"closed","ping_status":"open","sticky":false,"template":"","format":"standard","meta":{"_acf_changed":false,"footnotes":""},"categories":[66],"tags":[],"class_list":["post-9525","post","type-post","status-publish","format-standard","hentry","category-nouvelles"],"acf":[],"_links":{"self":[{"href":"https:\/\/csfp.nl.ca\/grands-vents\/wp-json\/wp\/v2\/posts\/9525","targetHints":{"allow":["GET"]}}],"collection":[{"href":"https:\/\/csfp.nl.ca\/grands-vents\/wp-json\/wp\/v2\/posts"}],"about":[{"href":"https:\/\/csfp.nl.ca\/grands-vents\/wp-json\/wp\/v2\/types\/post"}],"author":[{"embeddable":true,"href":"https:\/\/csfp.nl.ca\/grands-vents\/wp-json\/wp\/v2\/users\/135"}],"replies":[{"embeddable":true,"href":"https:\/\/csfp.nl.ca\/grands-vents\/wp-json\/wp\/v2\/comments?post=9525"}],"version-history":[{"count":1,"href":"https:\/\/csfp.nl.ca\/grands-vents\/wp-json\/wp\/v2\/posts\/9525\/revisions"}],"predecessor-version":[{"id":9526,"href":"https:\/\/csfp.nl.ca\/grands-vents\/wp-json\/wp\/v2\/posts\/9525\/revisions\/9526"}],"wp:attachment":[{"href":"https:\/\/csfp.nl.ca\/grands-vents\/wp-json\/wp\/v2\/media?parent=9525"}],"wp:term":[{"taxonomy":"category","embeddable":true,"href":"https:\/\/csfp.nl.ca\/grands-vents\/wp-json\/wp\/v2\/categories?post=9525"},{"taxonomy":"post_tag","embeddable":true,"href":"https:\/\/csfp.nl.ca\/grands-vents\/wp-json\/wp\/v2\/tags?post=9525"}],"curies":[{"name":"wp","href":"https:\/\/api.w.org\/{rel}","templated":true}]}}