{"id":8652,"date":"2023-11-08T10:32:49","date_gmt":"2023-11-08T14:02:49","guid":{"rendered":"https:\/\/csfp.nl.ca\/grands-vents\/?p=8652"},"modified":"2023-11-08T10:32:49","modified_gmt":"2023-11-08T14:02:49","slug":"le-programme-bon-depart","status":"publish","type":"post","link":"https:\/\/csfp.nl.ca\/grands-vents\/communications\/2023\/11\/08\/le-programme-bon-depart\/","title":{"rendered":"Le programme Bon D\u00e9part"},"content":{"rendered":"<h2><strong>Programme Bon D\u00e9part<\/strong><\/h2>\n<p>Le programme Bon D\u00e9part commence au mois de f\u00e9vrier 2024 pour les enfants qui ont eu 4 ans au 31 d\u00e9cembre.<\/p>\n<p>Voici quelques informations sur le d\u00e9roulement des sessions :<br \/>\nChaque s\u00e9ance de 1,5 heures se d\u00e9roule \u00e0 l\u2019\u00e9cole. Votre enfant doit \u00eatre accompagn\u00e9 par un<br \/>\nparent pour participer au programme. L\u2019accueil se fait dans le th\u00e9\u00e2tre du centre.<\/p>\n<p>Le programme se livre en quatre rencontres de f\u00e9vrier \u00e0 juin 2024.<br \/>\nDATE\/HEURE 13h00 \u00e0 14h30<br \/>\nLe 20 f\u00e9vrier Groupe A et B<br \/>\nLe 20 mars Groupe A et B<br \/>\nLe 07 mai Groupe A et B<br \/>\nLe 6 juin Groupe A et B<\/p>\n<p>Les \u00e9l\u00e8ves seront appel\u00e9s \u00e0 quitter le th\u00e9\u00e2tre avec leurs enseignants. Les parents resteront au<br \/>\ngymnase pour les pr\u00e9sentations. Apr\u00e8s la pr\u00e9sentation, les parents attendront leur enfant dans<br \/>\nl\u2019atrium.<br \/>\nNous demandons que les \u00e9l\u00e8ves apportent une collation et une bouteille d\u2019eau pour les sessions<\/p>\n<p>Au plaisir de vous rencontrer au mois de f\u00e9vrier.<\/p>\n","protected":false},"excerpt":{"rendered":"<p>Programme Bon D\u00e9part Le programme Bon D\u00e9part commence au mois de f\u00e9vrier 2024 pour les enfants qui ont eu 4 ans au 31 d\u00e9cembre. Voici quelques informations sur le d\u00e9roulement des sessions : Chaque s\u00e9ance de 1,5 heures se d\u00e9roule \u00e0 l\u2019\u00e9cole. Votre enfant doit \u00eatre accompagn\u00e9 par un parent pour participer au programme. L\u2019accueil [&hellip;]<\/p>\n","protected":false},"author":135,"featured_media":0,"comment_status":"closed","ping_status":"open","sticky":false,"template":"","format":"standard","meta":{"_acf_changed":false,"footnotes":""},"categories":[1],"tags":[],"class_list":["post-8652","post","type-post","status-publish","format-standard","hentry","category-communications"],"acf":[],"_links":{"self":[{"href":"https:\/\/csfp.nl.ca\/grands-vents\/wp-json\/wp\/v2\/posts\/8652","targetHints":{"allow":["GET"]}}],"collection":[{"href":"https:\/\/csfp.nl.ca\/grands-vents\/wp-json\/wp\/v2\/posts"}],"about":[{"href":"https:\/\/csfp.nl.ca\/grands-vents\/wp-json\/wp\/v2\/types\/post"}],"author":[{"embeddable":true,"href":"https:\/\/csfp.nl.ca\/grands-vents\/wp-json\/wp\/v2\/users\/135"}],"replies":[{"embeddable":true,"href":"https:\/\/csfp.nl.ca\/grands-vents\/wp-json\/wp\/v2\/comments?post=8652"}],"version-history":[{"count":1,"href":"https:\/\/csfp.nl.ca\/grands-vents\/wp-json\/wp\/v2\/posts\/8652\/revisions"}],"predecessor-version":[{"id":8653,"href":"https:\/\/csfp.nl.ca\/grands-vents\/wp-json\/wp\/v2\/posts\/8652\/revisions\/8653"}],"wp:attachment":[{"href":"https:\/\/csfp.nl.ca\/grands-vents\/wp-json\/wp\/v2\/media?parent=8652"}],"wp:term":[{"taxonomy":"category","embeddable":true,"href":"https:\/\/csfp.nl.ca\/grands-vents\/wp-json\/wp\/v2\/categories?post=8652"},{"taxonomy":"post_tag","embeddable":true,"href":"https:\/\/csfp.nl.ca\/grands-vents\/wp-json\/wp\/v2\/tags?post=8652"}],"curies":[{"name":"wp","href":"https:\/\/api.w.org\/{rel}","templated":true}]}}