{"id":7767,"date":"2023-03-02T10:14:53","date_gmt":"2023-03-02T13:44:53","guid":{"rendered":"https:\/\/csfp.nl.ca\/grands-vents\/communications\/2021\/09\/14\/se-poser-les-bonnes-questions-avant-de-partir-a-lecole\/"},"modified":"2023-03-02T10:14:53","modified_gmt":"2023-03-02T13:44:53","slug":"se-poser-les-bonnes-questions-avant-de-partir-a-lecole-28-janv-2022","status":"publish","type":"post","link":"https:\/\/csfp.nl.ca\/grands-vents\/communications\/2023\/03\/02\/se-poser-les-bonnes-questions-avant-de-partir-a-lecole-28-janv-2022\/","title":{"rendered":"Se poser les bonnes questions avant de partir \u00e0 l\u2019\u00e9cole- 28 janvier 2022"},"content":{"rendered":"<p>Il n&rsquo;est pas toujours facile de comprendre ou de se souvenir des r\u00e8gles d&rsquo;hygi\u00e8ne pr\u00e9ventive en mati\u00e8re de Covid-19. Nous sommes pourtant tous susceptibles d&rsquo;attraper le virus et devons par cons\u00e9quent rester tr\u00e8s vigilants \u00e0 l&rsquo;apparition de sympt\u00f4mes associ\u00e9s.<\/p>\n<p>Pour \u00e9viter qu&rsquo;il ne se propage, il est demand\u00e9 \u00e0 chaque personne allant \u00e0 l&rsquo;\u00e9cole, \u00e9l\u00e8ve comme employ\u00e9, de prendre quelques instants chaque jour, afin de r\u00e9pondre aux questions du <a href=\"https:\/\/www.gov.nl.ca\/education\/files\/Covid-Questionnaire-School-French.pdf\" target=\"_blank\" rel=\"noopener\">questionnaire sp\u00e9cial<\/a>. R\u00e9alis\u00e9 par le Gouvernement, celui-ci peut permettre de d\u00e9terminer si une personne doit rester chez elle et contacter les autorit\u00e9s sanitaires ou si elle peut aller en cours.<\/p>\n<p>Revu le 28 janvier 2022, le questionnaire est disponible <a href=\"https:\/\/csfp.nl.ca\/wp-content\/uploads\/2021\/09\/Questionnaire-de-de\u0301pistage-pour-les-e\u0301coles-28-janvier-2022.pdf\">ici<\/a> dans sa version actualis\u00e9e.<\/p>\n","protected":false},"excerpt":{"rendered":"<p>Il n&rsquo;est pas toujours facile de comprendre ou de se souvenir des r\u00e8gles d&rsquo;hygi\u00e8ne pr\u00e9ventive en mati\u00e8re de Covid-19. Nous sommes pourtant tous susceptibles d&rsquo;attraper le virus et devons par cons\u00e9quent rester tr\u00e8s vigilants \u00e0 l&rsquo;apparition de sympt\u00f4mes associ\u00e9s. Pour \u00e9viter qu&rsquo;il ne se propage, il est demand\u00e9 \u00e0 chaque personne allant \u00e0 l&rsquo;\u00e9cole, \u00e9l\u00e8ve [&hellip;]<\/p>\n","protected":false},"author":20,"featured_media":8341,"comment_status":"closed","ping_status":"open","sticky":false,"template":"","format":"standard","meta":{"_acf_changed":false,"footnotes":""},"categories":[59],"tags":[],"class_list":["post-7767","post","type-post","status-publish","format-standard","has-post-thumbnail","hentry","category-covid-19"],"acf":[],"_links":{"self":[{"href":"https:\/\/csfp.nl.ca\/grands-vents\/wp-json\/wp\/v2\/posts\/7767","targetHints":{"allow":["GET"]}}],"collection":[{"href":"https:\/\/csfp.nl.ca\/grands-vents\/wp-json\/wp\/v2\/posts"}],"about":[{"href":"https:\/\/csfp.nl.ca\/grands-vents\/wp-json\/wp\/v2\/types\/post"}],"author":[{"embeddable":true,"href":"https:\/\/csfp.nl.ca\/grands-vents\/wp-json\/wp\/v2\/users\/20"}],"replies":[{"embeddable":true,"href":"https:\/\/csfp.nl.ca\/grands-vents\/wp-json\/wp\/v2\/comments?post=7767"}],"version-history":[{"count":1,"href":"https:\/\/csfp.nl.ca\/grands-vents\/wp-json\/wp\/v2\/posts\/7767\/revisions"}],"predecessor-version":[{"id":7936,"href":"https:\/\/csfp.nl.ca\/grands-vents\/wp-json\/wp\/v2\/posts\/7767\/revisions\/7936"}],"wp:featuredmedia":[{"embeddable":true,"href":"https:\/\/csfp.nl.ca\/grands-vents\/wp-json\/wp\/v2\/media\/8341"}],"wp:attachment":[{"href":"https:\/\/csfp.nl.ca\/grands-vents\/wp-json\/wp\/v2\/media?parent=7767"}],"wp:term":[{"taxonomy":"category","embeddable":true,"href":"https:\/\/csfp.nl.ca\/grands-vents\/wp-json\/wp\/v2\/categories?post=7767"},{"taxonomy":"post_tag","embeddable":true,"href":"https:\/\/csfp.nl.ca\/grands-vents\/wp-json\/wp\/v2\/tags?post=7767"}],"curies":[{"name":"wp","href":"https:\/\/api.w.org\/{rel}","templated":true}]}}